{"id":5847,"date":"2018-10-15T06:43:51","date_gmt":"2018-10-15T06:43:51","guid":{"rendered":"http:\/\/campusaltea.umh.es\/?p=5847"},"modified":"2023-02-14T13:31:22","modified_gmt":"2023-02-14T13:31:22","slug":"la-artista-esther-ferrer-inaugura-el-curso-academico-2018-2019-de-la-facultad-de-bellas-artes","status":"publish","type":"post","link":"https:\/\/campusaltea.umh.es\/en\/2018\/10\/15\/la-artista-esther-ferrer-inaugura-el-curso-academico-2018-2019-de-la-facultad-de-bellas-artes\/","title":{"rendered":"La artista Esther Ferrer inaugura el curso acad\u00e9mico 2018-2019 de la Facultad de Bellas Artes"},"content":{"rendered":"\r\n            <style type='text\/css'>\r\n                #gallery-1 {\r\n                    margin: auto;\r\n                }\r\n                #gallery-1 .gallery-item {\r\n                    float: left;\r\n                    margin-top: 10px;\r\n                    text-align: center;\r\n                    width: 100%;\r\n                }\r\n                #gallery-1 img {\r\n                    border: 2px solid #cfcfcf;\r\n                }\r\n                #gallery-1 .gallery-caption {\r\n                    margin-left: 0;\r\n                }\r\n                \r\n                \r\n                \r\n                \/* see gallery_shortcode() in wp-includes\/media.php *\/\r\n            <\/style>\n\t\t<div id='gallery-1' class='gallery galleryid-5847 gallery-columns-1 gallery-size-thumbnail'><dl class='gallery-item'>\r\n                <dt class='gallery-icon landscape'>\r\n                    <img width=\"150\" height=\"150\" src=\"https:\/\/campusaltea.umh.es\/files\/2019\/10\/56956487_2481396932000680_6386188616179122176_n-150x150.jpg\" class=\"attachment-thumbnail size-thumbnail\" alt=\"inaguraci\u00f3n curso 2018\/19\" loading=\"lazy\" \/>\r\n                <\/dt><\/dl><br style=\"clear: both\" \/><dl class='gallery-item'>\r\n                <dt class='gallery-icon landscape'>\r\n                    <img width=\"150\" height=\"150\" src=\"https:\/\/campusaltea.umh.es\/files\/2019\/10\/56685767_2481398555333851_7137847557002100736_n-150x150.jpg\" class=\"attachment-thumbnail size-thumbnail\" alt=\"inaguraci\u00f3n curso 2018\/19\" loading=\"lazy\" \/>\r\n                <\/dt><\/dl><br style=\"clear: both\" \/><dl class='gallery-item'>\r\n                <dt class='gallery-icon portrait'>\r\n                    <img width=\"150\" height=\"150\" src=\"https:\/\/campusaltea.umh.es\/files\/2019\/10\/56453035_2481396578667382_797632713140994048_n-150x150.png\" class=\"attachment-thumbnail size-thumbnail\" alt=\"inaguraci\u00f3n curso 2018\/19\" loading=\"lazy\" srcset=\"https:\/\/campusaltea.umh.es\/files\/2019\/10\/56453035_2481396578667382_797632713140994048_n-150x150.png 150w, https:\/\/campusaltea.umh.es\/files\/2019\/10\/56453035_2481396578667382_797632713140994048_n-300x300.png 300w, https:\/\/campusaltea.umh.es\/files\/2019\/10\/56453035_2481396578667382_797632713140994048_n.png 402w\" sizes=\"(max-width: 150px) 100vw, 150px\" \/>\r\n                <\/dt><\/dl><br style=\"clear: both\" \/><dl class='gallery-item'>\r\n                <dt class='gallery-icon landscape'>\r\n                    <img width=\"150\" height=\"150\" src=\"https:\/\/campusaltea.umh.es\/files\/2019\/10\/56907756_2481398422000531_9140957477074894848_n-150x150.jpg\" class=\"attachment-thumbnail size-thumbnail\" alt=\"inaguraci\u00f3n curso 2018\/19\" loading=\"lazy\" \/>\r\n                <\/dt><\/dl><br style=\"clear: both\" \/><dl class='gallery-item'>\r\n                <dt class='gallery-icon landscape'>\r\n                    <img width=\"150\" height=\"150\" src=\"https:\/\/campusaltea.umh.es\/files\/2019\/10\/56533775_2481396962000677_7323670476704710656_n-150x150.jpg\" class=\"attachment-thumbnail size-thumbnail\" alt=\"inaguraci\u00f3n curso 2018\/19\" loading=\"lazy\" \/>\r\n                <\/dt><\/dl><br style=\"clear: both\" \/><\/div>\n\n<p style=\"text-align: justify\">La Facultad de Bellas Artes y el Departamento de Arte de la Universidad Miguel Hern\u00e1ndez (UMH) han organizado la apertura del curso acad\u00e9mico 2018-2019 del campus de Altea. La artista pionera del arte de acci\u00f3n Esther Ferrer es la invitada en esta jornada, que se celebrar\u00e1 ma\u00f1ana mi\u00e9rcoles, 24 de octubre, a las 20:00 horas, en el Palau de Altea Centre d\u2019Arts.<\/p>\n<p style=\"text-align: justify\">El acto consistir\u00e1 en una conversaci\u00f3n entre la profesora del \u00c1rea de Dibujo de la UMH Carmen Garc\u00eda Muriana y la artista galardonada con el Premio Nacional de Artes Pl\u00e1sticas en 2008 y el Premio Vel\u00e1zquez en 2014, Esther Ferrer. La profesora Garc\u00eda Muriana es la autora de la tesis: \u201cEsther Ferrer: La re(acci\u00f3n) como leitmotiv. Reflexi\u00f3n, grito y denuncia como respuesta a las limitaciones para SER en libertad determinadas por el trinomio sexo-g\u00e9nero-sexualidad\u201d, dirigida por el profesor del \u00c1rea de Escultura de la UMH Daniel Pablo Tejero Olivares.<\/p>\n<p style=\"text-align: justify\">Seg\u00fan los organizadores, el objetivo de esta actividad, que se enmarca en la programaci\u00f3n anual de esta Facultad, es brindar a los estudiantes y a la poblaci\u00f3n de Altea la oportunidad de conocer en primera persona la experiencia y el trabajo de profesionales del \u00e1mbito de las Artes. En esta actividad colaboran la C\u00e1tedra Institucional de Estudios Art\u00edsticos Anetta Nicoli de la UMH, el Vicerrectorado de Cultura y Extensi\u00f3n Universitaria de la UMH, el Ayuntamiento de Altea y el Palau de Altea Centre d\u2019Arts.<\/p>\n<p style=\"text-align: justify\">Este acto est\u00e1 dirigido a estudiantes de Bellas Artes, de Arte y Humanidades y de Periodismo, as\u00ed como a artistas, comisarios\/as, investigadores\/as, docentes y a cualquier persona interesada en el arte, en la performance, el periodismo y las humanidades. La entrada al evento es gratuita hasta completar aforo, previa inscripci\u00f3n en el correo electr\u00f3nico facultadbellasartes@umh.es.<\/p>\n<iframe  id=\"_ytid_38519\"  width=\"800\" height=\"450\"  data-origwidth=\"800\" data-origheight=\"450\" src=\"https:\/\/www.youtube.com\/embed\/dfMPeyunmXk?enablejsapi=1&autoplay=0&cc_load_policy=0&cc_lang_pref=&iv_load_policy=1&loop=0&modestbranding=0&rel=1&fs=1&playsinline=0&autohide=2&theme=dark&color=red&controls=1&\" class=\"__youtube_prefs__  no-lazyload\" title=\"YouTube player\"  allow=\"accelerometer; autoplay; clipboard-write; encrypted-media; gyroscope; picture-in-picture\" allowfullscreen data-no-lazy=\"1\" data-skipgform_ajax_framebjll=\"\"><\/iframe>\n","protected":false},"excerpt":{"rendered":"<p>La Facultad de Bellas Artes y el Departamento de Arte de la Universidad Miguel Hern\u00e1ndez (UMH) han organizado la apertura del curso acad\u00e9mico 2018-2019 del campus de Altea. La artista pionera del arte de acci\u00f3n Esther Ferrer es la invitada en esta jornada, que se celebrar\u00e1 ma\u00f1ana mi\u00e9rcoles, 24 de octubre, a las 20:00 horas, [&hellip;]<\/p>\n","protected":false},"author":469,"featured_media":0,"comment_status":"closed","ping_status":"open","sticky":false,"template":"","format":"gallery","meta":{"_links_to":"","_links_to_target":""},"categories":[144],"tags":[],"_links":{"self":[{"href":"https:\/\/campusaltea.umh.es\/en\/wp-json\/wp\/v2\/posts\/5847"}],"collection":[{"href":"https:\/\/campusaltea.umh.es\/en\/wp-json\/wp\/v2\/posts"}],"about":[{"href":"https:\/\/campusaltea.umh.es\/en\/wp-json\/wp\/v2\/types\/post"}],"author":[{"embeddable":true,"href":"https:\/\/campusaltea.umh.es\/en\/wp-json\/wp\/v2\/users\/469"}],"replies":[{"embeddable":true,"href":"https:\/\/campusaltea.umh.es\/en\/wp-json\/wp\/v2\/comments?post=5847"}],"version-history":[{"count":0,"href":"https:\/\/campusaltea.umh.es\/en\/wp-json\/wp\/v2\/posts\/5847\/revisions"}],"wp:attachment":[{"href":"https:\/\/campusaltea.umh.es\/en\/wp-json\/wp\/v2\/media?parent=5847"}],"wp:term":[{"taxonomy":"category","embeddable":true,"href":"https:\/\/campusaltea.umh.es\/en\/wp-json\/wp\/v2\/categories?post=5847"},{"taxonomy":"post_tag","embeddable":true,"href":"https:\/\/campusaltea.umh.es\/en\/wp-json\/wp\/v2\/tags?post=5847"}],"curies":[{"name":"wp","href":"https:\/\/api.w.org\/{rel}","templated":true}]}}